{"id":142,"count":36,"description":"Olea Europaea&#013;&#010;Olea europaea, olivera, olivera o aceituno, \u00e9s un arbre perennifoli, longeu, que pot arribar fins a 15 m d'al\u00e7ada, amb copa ampla i tronc gruixut, retor\u00e7at i sovint molt curt. Arbre d'origen mediterrani, molt est\u00e8s a Espanya i molt apreciat per l'oliva i la qualitat de l'oli que d'ella s'obt\u00e9. Els exemplars anyencs, moltes vegades centenaris, procedents d'antigues plantacions oliveres, s\u00f3n utilitzats en l'actualitat amb fins ornamentals. Pot viure m\u00e9s de 1500 anys i \u00e9s un arbre frond\u00f3s, de creixement lent, tronc gruixut i irregular, arribant a retor\u00e7ar i fer-se d'ell m\u00faltiples formes.&#013;&#010;Arbre amb copa \u00e0mplia, floreix a mitja primavera i les seves flors formen ra\u00efms de color blanc i olor agradable, convertint-se en olives al final de tardor oa l'hivern. A Espanya hi ha prop de 300 varietats d'olivera, destacant el morrut, empeltre, hojiblanca, cornicabra, lech\u00edn, camamilla, verdal i picual.&#013;&#010;Les olives, segons l'esp\u00e8cie d'olivera, poden ser arrodonides o ovalades, grans o petites i d'aqu\u00ed s'extreu l'oli, menjar amb m\u00faltiples usos a la cuina i b\u00e0sic en la nostra apreciada dieta mediterr\u00e0nia i tamb\u00e9 amb usos en medicina i en cosm\u00e8tica, principalment per fer sabons.&#013;&#010;&#013;&#010;La seva fusta \u00e9s apreciada per fer talles, per ebenisteria i com a combustible i carb\u00f3 vegetal. Destaquem el seu \u00fas en jardineria per la seva facilitat per ser trasplantat en la seva edat adulta, \u00e9s un arbre que prospera millor en situacions c\u00e0lides i assolellades si b\u00e9 s'adapta a altres menys benignes com pot ser el fred, les gelades, el vent, la sequera, la contaminaci\u00f3 i l'esc\u00e0s manteniment.","link":"https:\/\/cultiusponc.com\/ca\/categoria-producto\/olea-europaea\/","name":"Olea Europaea","slug":"olea-europaea","taxonomy":"product_cat","parent":0,"meta":[],"menu_order":0,"yoast_head":"<!-- This site is optimized with the Yoast SEO plugin v27.5 - https:\/\/yoast.com\/product\/yoast-seo-wordpress\/ -->\n<title>Arxius de Olea Europaea | Cultius Pon\u00e7<\/title>\n<meta name=\"robots\" content=\"index, follow, max-snippet:-1, max-image-preview:large, max-video-preview:-1\" \/>\n<link rel=\"canonical\" href=\"https:\/\/cultiusponc.com\/ca\/categoria-producto\/olea-europaea\/\" \/>\n<meta property=\"og:locale\" content=\"ca_ES\" \/>\n<meta property=\"og:type\" content=\"article\" \/>\n<meta property=\"og:title\" content=\"Arxius de Olea Europaea | Cultius Pon\u00e7\" \/>\n<meta property=\"og:description\" content=\"Olea Europaea&#013;&#010;Olea europaea, olivera, olivera o aceituno, \u00e9s un arbre perennifoli, longeu, que pot arribar fins a 15 m d&#8217;al\u00e7ada, amb copa ampla i tronc gruixut, retor\u00e7at i sovint molt curt. Arbre d&#8217;origen mediterrani, molt est\u00e8s a Espanya i molt apreciat per l&#8217;oliva i la qualitat de l&#8217;oli que d&#8217;ella s&#8217;obt\u00e9. Els exemplars anyencs, moltes vegades centenaris, procedents d&#8217;antigues plantacions oliveres, s\u00f3n utilitzats en l&#8217;actualitat amb fins ornamentals. Pot viure m\u00e9s de 1500 anys i \u00e9s un arbre frond\u00f3s, de creixement lent, tronc gruixut i irregular, arribant a retor\u00e7ar i fer-se d&#8217;ell m\u00faltiples formes.&#013;&#010;Arbre amb copa \u00e0mplia, floreix a mitja primavera i les seves flors formen ra\u00efms de color blanc i olor agradable, convertint-se en olives al final de tardor oa l&#8217;hivern. A Espanya hi ha prop de 300 varietats d&#8217;olivera, destacant el morrut, empeltre, hojiblanca, cornicabra, lech\u00edn, camamilla, verdal i picual.&#013;&#010;Les olives, segons l&#8217;esp\u00e8cie d&#8217;olivera, poden ser arrodonides o ovalades, grans o petites i d&#8217;aqu\u00ed s&#8217;extreu l&#8217;oli, menjar amb m\u00faltiples usos a la cuina i b\u00e0sic en la nostra apreciada dieta mediterr\u00e0nia i tamb\u00e9 amb usos en medicina i en cosm\u00e8tica, principalment per fer sabons.&#013;&#010;&#013;&#010;La seva fusta \u00e9s apreciada per fer talles, per ebenisteria i com a combustible i carb\u00f3 vegetal. Destaquem el seu \u00fas en jardineria per la seva facilitat per ser trasplantat en la seva edat adulta, \u00e9s un arbre que prospera millor en situacions c\u00e0lides i assolellades si b\u00e9 s&#8217;adapta a altres menys benignes com pot ser el fred, les gelades, el vent, la sequera, la contaminaci\u00f3 i l&#8217;esc\u00e0s manteniment.\" \/>\n<meta property=\"og:url\" content=\"https:\/\/cultiusponc.com\/ca\/categoria-producto\/olea-europaea\/\" \/>\n<meta property=\"og:site_name\" content=\"Cultius Pon\u00e7\" \/>\n<meta name=\"twitter:card\" content=\"summary_large_image\" \/>\n<script type=\"application\/ld+json\" class=\"yoast-schema-graph\">{\"@context\":\"https:\\\/\\\/schema.org\",\"@graph\":[{\"@type\":\"CollectionPage\",\"@id\":\"https:\\\/\\\/cultiusponc.com\\\/ca\\\/categoria-producto\\\/olea-europaea\\\/\",\"url\":\"https:\\\/\\\/cultiusponc.com\\\/ca\\\/categoria-producto\\\/olea-europaea\\\/\",\"name\":\"Arxius de Olea Europaea | Cultius Pon\u00e7\",\"isPartOf\":{\"@id\":\"https:\\\/\\\/cultiusponc.com\\\/ca\\\/#website\"},\"breadcrumb\":{\"@id\":\"https:\\\/\\\/cultiusponc.com\\\/ca\\\/categoria-producto\\\/olea-europaea\\\/#breadcrumb\"},\"inLanguage\":\"ca\"},{\"@type\":\"BreadcrumbList\",\"@id\":\"https:\\\/\\\/cultiusponc.com\\\/ca\\\/categoria-producto\\\/olea-europaea\\\/#breadcrumb\",\"itemListElement\":[{\"@type\":\"ListItem\",\"position\":1,\"name\":\"Inici\",\"item\":\"https:\\\/\\\/cultiusponc.com\\\/ca\\\/\"},{\"@type\":\"ListItem\",\"position\":2,\"name\":\"Olea Europaea\"}]},{\"@type\":\"WebSite\",\"@id\":\"https:\\\/\\\/cultiusponc.com\\\/ca\\\/#website\",\"url\":\"https:\\\/\\\/cultiusponc.com\\\/ca\\\/\",\"name\":\"Cultius Pon\u00e7\",\"description\":\"Garden i vivers | Exemplars, palmeres, oliveres i accessoris per a jardins\",\"publisher\":{\"@id\":\"https:\\\/\\\/cultiusponc.com\\\/ca\\\/#organization\"},\"potentialAction\":[{\"@type\":\"SearchAction\",\"target\":{\"@type\":\"EntryPoint\",\"urlTemplate\":\"https:\\\/\\\/cultiusponc.com\\\/ca\\\/?s={search_term_string}\"},\"query-input\":{\"@type\":\"PropertyValueSpecification\",\"valueRequired\":true,\"valueName\":\"search_term_string\"}}],\"inLanguage\":\"ca\"},{\"@type\":\"Organization\",\"@id\":\"https:\\\/\\\/cultiusponc.com\\\/ca\\\/#organization\",\"name\":\"Cultius Pon\u00e7\",\"url\":\"https:\\\/\\\/cultiusponc.com\\\/ca\\\/\",\"logo\":{\"@type\":\"ImageObject\",\"inLanguage\":\"ca\",\"@id\":\"https:\\\/\\\/cultiusponc.com\\\/ca\\\/#\\\/schema\\\/logo\\\/image\\\/\",\"url\":\"https:\\\/\\\/cultiusponc.com\\\/wp-content\\\/uploads\\\/2022\\\/11\\\/Logo-cultius-ponc.svg\",\"contentUrl\":\"https:\\\/\\\/cultiusponc.com\\\/wp-content\\\/uploads\\\/2022\\\/11\\\/Logo-cultius-ponc.svg\",\"width\":1,\"height\":1,\"caption\":\"Cultius Pon\u00e7\"},\"image\":{\"@id\":\"https:\\\/\\\/cultiusponc.com\\\/ca\\\/#\\\/schema\\\/logo\\\/image\\\/\"},\"sameAs\":[\"https:\\\/\\\/www.instagram.com\\\/cultius_ponc\\\/\",\"https:\\\/\\\/cultiusponc.com\"]}]}<\/script>\n<!-- \/ Yoast SEO plugin. -->","yoast_head_json":{"title":"Arxius de Olea Europaea | Cultius Pon\u00e7","robots":{"index":"index","follow":"follow","max-snippet":"max-snippet:-1","max-image-preview":"max-image-preview:large","max-video-preview":"max-video-preview:-1"},"canonical":"https:\/\/cultiusponc.com\/ca\/categoria-producto\/olea-europaea\/","og_locale":"ca_ES","og_type":"article","og_title":"Arxius de Olea Europaea | Cultius Pon\u00e7","og_description":"Olea Europaea&#013;&#010;Olea europaea, olivera, olivera o aceituno, \u00e9s un arbre perennifoli, longeu, que pot arribar fins a 15 m d&#8217;al\u00e7ada, amb copa ampla i tronc gruixut, retor\u00e7at i sovint molt curt. Arbre d&#8217;origen mediterrani, molt est\u00e8s a Espanya i molt apreciat per l&#8217;oliva i la qualitat de l&#8217;oli que d&#8217;ella s&#8217;obt\u00e9. Els exemplars anyencs, moltes vegades centenaris, procedents d&#8217;antigues plantacions oliveres, s\u00f3n utilitzats en l&#8217;actualitat amb fins ornamentals. Pot viure m\u00e9s de 1500 anys i \u00e9s un arbre frond\u00f3s, de creixement lent, tronc gruixut i irregular, arribant a retor\u00e7ar i fer-se d&#8217;ell m\u00faltiples formes.&#013;&#010;Arbre amb copa \u00e0mplia, floreix a mitja primavera i les seves flors formen ra\u00efms de color blanc i olor agradable, convertint-se en olives al final de tardor oa l&#8217;hivern. A Espanya hi ha prop de 300 varietats d&#8217;olivera, destacant el morrut, empeltre, hojiblanca, cornicabra, lech\u00edn, camamilla, verdal i picual.&#013;&#010;Les olives, segons l&#8217;esp\u00e8cie d&#8217;olivera, poden ser arrodonides o ovalades, grans o petites i d&#8217;aqu\u00ed s&#8217;extreu l&#8217;oli, menjar amb m\u00faltiples usos a la cuina i b\u00e0sic en la nostra apreciada dieta mediterr\u00e0nia i tamb\u00e9 amb usos en medicina i en cosm\u00e8tica, principalment per fer sabons.&#013;&#010;&#013;&#010;La seva fusta \u00e9s apreciada per fer talles, per ebenisteria i com a combustible i carb\u00f3 vegetal. Destaquem el seu \u00fas en jardineria per la seva facilitat per ser trasplantat en la seva edat adulta, \u00e9s un arbre que prospera millor en situacions c\u00e0lides i assolellades si b\u00e9 s&#8217;adapta a altres menys benignes com pot ser el fred, les gelades, el vent, la sequera, la contaminaci\u00f3 i l&#8217;esc\u00e0s manteniment.","og_url":"https:\/\/cultiusponc.com\/ca\/categoria-producto\/olea-europaea\/","og_site_name":"Cultius Pon\u00e7","twitter_card":"summary_large_image","schema":{"@context":"https:\/\/schema.org","@graph":[{"@type":"CollectionPage","@id":"https:\/\/cultiusponc.com\/ca\/categoria-producto\/olea-europaea\/","url":"https:\/\/cultiusponc.com\/ca\/categoria-producto\/olea-europaea\/","name":"Arxius de Olea Europaea | Cultius Pon\u00e7","isPartOf":{"@id":"https:\/\/cultiusponc.com\/ca\/#website"},"breadcrumb":{"@id":"https:\/\/cultiusponc.com\/ca\/categoria-producto\/olea-europaea\/#breadcrumb"},"inLanguage":"ca"},{"@type":"BreadcrumbList","@id":"https:\/\/cultiusponc.com\/ca\/categoria-producto\/olea-europaea\/#breadcrumb","itemListElement":[{"@type":"ListItem","position":1,"name":"Inici","item":"https:\/\/cultiusponc.com\/ca\/"},{"@type":"ListItem","position":2,"name":"Olea Europaea"}]},{"@type":"WebSite","@id":"https:\/\/cultiusponc.com\/ca\/#website","url":"https:\/\/cultiusponc.com\/ca\/","name":"Cultius Pon\u00e7","description":"Garden i vivers | Exemplars, palmeres, oliveres i accessoris per a jardins","publisher":{"@id":"https:\/\/cultiusponc.com\/ca\/#organization"},"potentialAction":[{"@type":"SearchAction","target":{"@type":"EntryPoint","urlTemplate":"https:\/\/cultiusponc.com\/ca\/?s={search_term_string}"},"query-input":{"@type":"PropertyValueSpecification","valueRequired":true,"valueName":"search_term_string"}}],"inLanguage":"ca"},{"@type":"Organization","@id":"https:\/\/cultiusponc.com\/ca\/#organization","name":"Cultius Pon\u00e7","url":"https:\/\/cultiusponc.com\/ca\/","logo":{"@type":"ImageObject","inLanguage":"ca","@id":"https:\/\/cultiusponc.com\/ca\/#\/schema\/logo\/image\/","url":"https:\/\/cultiusponc.com\/wp-content\/uploads\/2022\/11\/Logo-cultius-ponc.svg","contentUrl":"https:\/\/cultiusponc.com\/wp-content\/uploads\/2022\/11\/Logo-cultius-ponc.svg","width":1,"height":1,"caption":"Cultius Pon\u00e7"},"image":{"@id":"https:\/\/cultiusponc.com\/ca\/#\/schema\/logo\/image\/"},"sameAs":["https:\/\/www.instagram.com\/cultius_ponc\/","https:\/\/cultiusponc.com"]}]}},"_links":{"self":[{"href":"https:\/\/cultiusponc.com\/ca\/wp-json\/wp\/v2\/product_cat\/142","targetHints":{"allow":["GET"]}}],"collection":[{"href":"https:\/\/cultiusponc.com\/ca\/wp-json\/wp\/v2\/product_cat"}],"about":[{"href":"https:\/\/cultiusponc.com\/ca\/wp-json\/wp\/v2\/taxonomies\/product_cat"}],"wp:post_type":[{"href":"https:\/\/cultiusponc.com\/ca\/wp-json\/wp\/v2\/product?product_cat=142"}],"curies":[{"name":"wp","href":"https:\/\/api.w.org\/{rel}","templated":true}]}}